{"id":14319,"date":"2026-09-01T15:25:29","date_gmt":"2026-09-01T14:25:29","guid":{"rendered":"https:\/\/tb-i.eu\/?post_type=noticia&#038;p=14319"},"modified":"2026-09-01T15:43:58","modified_gmt":"2026-09-01T14:43:58","slug":"b2b-talks-barcelona-capital-mundial-de-la-arquitectura","status":"publish","type":"noticia","link":"https:\/\/tb-i.eu\/en\/noticia\/b2b-talks-barcelona-capital-mundial-de-la-arquitectura\/","title":{"rendered":"B2B Talks. Barcelona, Capital Mundial de la Arquitectura"},"content":{"rendered":"","protected":false},"featured_media":0,"template":"","categoria_noticia":[],"class_list":["post-14319","noticia","type-noticia","status-publish","hentry"],"acf":[],"yoast_head":"<!-- This site is optimized with the Yoast SEO plugin v27.4 - https:\/\/yoast.com\/product\/yoast-seo-wordpress\/ -->\n<title>B2B Talks. Barcelona, Capital Mundial de la Arquitectura | TBI, Tekno-Bau Ib\u00e9rica<\/title>\n<meta name=\"description\" content=\"How is Barcelona addressing new challenges from architecture and urban planning? The B2B Talks in Barcelona, organized by the European Chambers of Commerce in Barcelona together with the Barcelona City Council, tried to answer this question. Sofia Alexanderson from TBI Architecture &amp; Engineering was one of the invited speakers. Barcelona is currently experiencing a period of major urban transformation that open new opportunities for the city, which has been chosen by UNESCO-UIA as World Capital of Architecture in 2026. After Elena Amat Serrano, Manager of Metropolitan Coordination and urban Transformations of the Barcelona City Council, had explained the various current urban transformation projects in the outskirts of Barcelona, different invited architects explained their perspectives and vision of the city&#039;s urban future, based on their current projects. Thank you very much to the C\u00e1mara de Comercio Hispano-Sueca and the C\u00e1mara de Comercio Alemana para Espa\u00f1a (AHK Spanien) for the invitation. Further information can be found here: https:\/\/camaraseuropeas.es\/b2b-talks-barcelona-junio-2026\/\" \/>\n<meta name=\"robots\" content=\"index, follow, max-snippet:-1, max-image-preview:large, max-video-preview:-1\" \/>\n<link rel=\"canonical\" href=\"https:\/\/tb-i.eu\/en\/noticia\/b2b-talks-barcelona-capital-mundial-de-la-arquitectura\/\" \/>\n<meta property=\"og:locale\" content=\"en_US\" \/>\n<meta property=\"og:type\" content=\"article\" \/>\n<meta property=\"og:title\" content=\"B2B Talks. Barcelona, Capital Mundial de la Arquitectura | TBI, Tekno-Bau Ib\u00e9rica\" \/>\n<meta property=\"og:description\" content=\"How is Barcelona addressing new challenges from architecture and urban planning? The B2B Talks in Barcelona, organized by the European Chambers of Commerce in Barcelona together with the Barcelona City Council, tried to answer this question. Sofia Alexanderson from TBI Architecture &amp; Engineering was one of the invited speakers. Barcelona is currently experiencing a period of major urban transformation that open new opportunities for the city, which has been chosen by UNESCO-UIA as World Capital of Architecture in 2026. After Elena Amat Serrano, Manager of Metropolitan Coordination and urban Transformations of the Barcelona City Council, had explained the various current urban transformation projects in the outskirts of Barcelona, different invited architects explained their perspectives and vision of the city&#039;s urban future, based on their current projects. Thank you very much to the C\u00e1mara de Comercio Hispano-Sueca and the C\u00e1mara de Comercio Alemana para Espa\u00f1a (AHK Spanien) for the invitation. Further information can be found here: https:\/\/camaraseuropeas.es\/b2b-talks-barcelona-junio-2026\/\" \/>\n<meta property=\"og:url\" content=\"https:\/\/tb-i.eu\/en\/noticia\/b2b-talks-barcelona-capital-mundial-de-la-arquitectura\/\" \/>\n<meta property=\"og:site_name\" content=\"TBI, Tekno-Bau Ib\u00e9rica\" \/>\n<meta property=\"article:modified_time\" content=\"2026-09-01T14:43:58+00:00\" \/>\n<meta property=\"og:image\" content=\"https:\/\/tb-i.eu\/wp-content\/uploads\/2020\/03\/logo-TBI-1.jpg\" \/>\n\t<meta property=\"og:image:width\" content=\"735\" \/>\n\t<meta property=\"og:image:height\" content=\"510\" \/>\n\t<meta property=\"og:image:type\" content=\"image\/jpeg\" \/>\n<meta name=\"twitter:card\" content=\"summary_large_image\" \/>\n<meta name=\"twitter:label1\" content=\"Est. reading time\" \/>\n\t<meta name=\"twitter:data1\" content=\"1 minute\" \/>\n<script type=\"application\/ld+json\" class=\"yoast-schema-graph\">{\"@context\":\"https:\\\/\\\/schema.org\",\"@graph\":[{\"@type\":\"WebPage\",\"@id\":\"https:\\\/\\\/tb-i.eu\\\/en\\\/noticia\\\/b2b-talks-barcelona-capital-mundial-de-la-arquitectura\\\/\",\"url\":\"https:\\\/\\\/tb-i.eu\\\/en\\\/noticia\\\/b2b-talks-barcelona-capital-mundial-de-la-arquitectura\\\/\",\"name\":\"B2B Talks. Barcelona, Capital Mundial de la Arquitectura | TBI, Tekno-Bau Ib\u00e9rica\",\"isPartOf\":{\"@id\":\"https:\\\/\\\/tb-i.eu\\\/en\\\/#website\"},\"datePublished\":\"2026-09-01T14:25:29+00:00\",\"dateModified\":\"2026-09-01T14:43:58+00:00\",\"description\":\"How is Barcelona addressing new challenges from architecture and urban planning? The B2B Talks in Barcelona, organized by the European Chambers of Commerce in Barcelona together with the Barcelona City Council, tried to answer this question. Sofia Alexanderson from TBI Architecture & Engineering was one of the invited speakers. Barcelona is currently experiencing a period of major urban transformation that open new opportunities for the city, which has been chosen by UNESCO-UIA as World Capital of Architecture in 2026. After Elena Amat Serrano, Manager of Metropolitan Coordination and urban Transformations of the Barcelona City Council, had explained the various current urban transformation projects in the outskirts of Barcelona, different invited architects explained their perspectives and vision of the city's urban future, based on their current projects. Thank you very much to the C\u00e1mara de Comercio Hispano-Sueca and the C\u00e1mara de Comercio Alemana para Espa\u00f1a (AHK Spanien) for the invitation. Further information can be found here: https:\\\/\\\/camaraseuropeas.es\\\/b2b-talks-barcelona-junio-2026\\\/\",\"breadcrumb\":{\"@id\":\"https:\\\/\\\/tb-i.eu\\\/en\\\/noticia\\\/b2b-talks-barcelona-capital-mundial-de-la-arquitectura\\\/#breadcrumb\"},\"inLanguage\":\"en-US\",\"potentialAction\":[{\"@type\":\"ReadAction\",\"target\":[\"https:\\\/\\\/tb-i.eu\\\/en\\\/noticia\\\/b2b-talks-barcelona-capital-mundial-de-la-arquitectura\\\/\"]}]},{\"@type\":\"BreadcrumbList\",\"@id\":\"https:\\\/\\\/tb-i.eu\\\/en\\\/noticia\\\/b2b-talks-barcelona-capital-mundial-de-la-arquitectura\\\/#breadcrumb\",\"itemListElement\":[{\"@type\":\"ListItem\",\"position\":1,\"name\":\"Portada\",\"item\":\"https:\\\/\\\/tb-i.eu\\\/en\\\/\"},{\"@type\":\"ListItem\",\"position\":2,\"name\":\"B2B Talks. Barcelona, Capital Mundial de la Arquitectura\"}]},{\"@type\":\"WebSite\",\"@id\":\"https:\\\/\\\/tb-i.eu\\\/en\\\/#website\",\"url\":\"https:\\\/\\\/tb-i.eu\\\/en\\\/\",\"name\":\"TBI\",\"description\":\"Despacho alem\u00e1n de arquitectura, ingenier\u00eda e interiorismo en Barcelona\",\"publisher\":{\"@id\":\"https:\\\/\\\/tb-i.eu\\\/en\\\/#organization\"},\"alternateName\":\"TBI Tekno-Bau Iberica\",\"potentialAction\":[{\"@type\":\"SearchAction\",\"target\":{\"@type\":\"EntryPoint\",\"urlTemplate\":\"https:\\\/\\\/tb-i.eu\\\/en\\\/?s={search_term_string}\"},\"query-input\":{\"@type\":\"PropertyValueSpecification\",\"valueRequired\":true,\"valueName\":\"search_term_string\"}}],\"inLanguage\":\"en-US\"},{\"@type\":\"Organization\",\"@id\":\"https:\\\/\\\/tb-i.eu\\\/en\\\/#organization\",\"name\":\"TBI\",\"alternateName\":\"TBI Tekno-Bau Iberica\",\"url\":\"https:\\\/\\\/tb-i.eu\\\/en\\\/\",\"logo\":{\"@type\":\"ImageObject\",\"inLanguage\":\"en-US\",\"@id\":\"https:\\\/\\\/tb-i.eu\\\/en\\\/#\\\/schema\\\/logo\\\/image\\\/\",\"url\":\"https:\\\/\\\/tb-i.eu\\\/wp-content\\\/uploads\\\/2020\\\/03\\\/logo-TBI-1.jpg\",\"contentUrl\":\"https:\\\/\\\/tb-i.eu\\\/wp-content\\\/uploads\\\/2020\\\/03\\\/logo-TBI-1.jpg\",\"width\":735,\"height\":510,\"caption\":\"TBI\"},\"image\":{\"@id\":\"https:\\\/\\\/tb-i.eu\\\/en\\\/#\\\/schema\\\/logo\\\/image\\\/\"},\"sameAs\":[\"https:\\\/\\\/www.linkedin.com\\\/company\\\/tbi-tekno-bau-iberica\\\/\"]}]}<\/script>\n<!-- \/ Yoast SEO plugin. -->","yoast_head_json":{"title":"B2B Talks. Barcelona, Capital Mundial de la Arquitectura | TBI, Tekno-Bau Ib\u00e9rica","description":"How is Barcelona addressing new challenges from architecture and urban planning? The B2B Talks in Barcelona, organized by the European Chambers of Commerce in Barcelona together with the Barcelona City Council, tried to answer this question. Sofia Alexanderson from TBI Architecture & Engineering was one of the invited speakers. Barcelona is currently experiencing a period of major urban transformation that open new opportunities for the city, which has been chosen by UNESCO-UIA as World Capital of Architecture in 2026. After Elena Amat Serrano, Manager of Metropolitan Coordination and urban Transformations of the Barcelona City Council, had explained the various current urban transformation projects in the outskirts of Barcelona, different invited architects explained their perspectives and vision of the city's urban future, based on their current projects. Thank you very much to the C\u00e1mara de Comercio Hispano-Sueca and the C\u00e1mara de Comercio Alemana para Espa\u00f1a (AHK Spanien) for the invitation. Further information can be found here: https:\/\/camaraseuropeas.es\/b2b-talks-barcelona-junio-2026\/","robots":{"index":"index","follow":"follow","max-snippet":"max-snippet:-1","max-image-preview":"max-image-preview:large","max-video-preview":"max-video-preview:-1"},"canonical":"https:\/\/tb-i.eu\/en\/noticia\/b2b-talks-barcelona-capital-mundial-de-la-arquitectura\/","og_locale":"en_US","og_type":"article","og_title":"B2B Talks. Barcelona, Capital Mundial de la Arquitectura | TBI, Tekno-Bau Ib\u00e9rica","og_description":"How is Barcelona addressing new challenges from architecture and urban planning? The B2B Talks in Barcelona, organized by the European Chambers of Commerce in Barcelona together with the Barcelona City Council, tried to answer this question. Sofia Alexanderson from TBI Architecture & Engineering was one of the invited speakers. Barcelona is currently experiencing a period of major urban transformation that open new opportunities for the city, which has been chosen by UNESCO-UIA as World Capital of Architecture in 2026. After Elena Amat Serrano, Manager of Metropolitan Coordination and urban Transformations of the Barcelona City Council, had explained the various current urban transformation projects in the outskirts of Barcelona, different invited architects explained their perspectives and vision of the city's urban future, based on their current projects. Thank you very much to the C\u00e1mara de Comercio Hispano-Sueca and the C\u00e1mara de Comercio Alemana para Espa\u00f1a (AHK Spanien) for the invitation. Further information can be found here: https:\/\/camaraseuropeas.es\/b2b-talks-barcelona-junio-2026\/","og_url":"https:\/\/tb-i.eu\/en\/noticia\/b2b-talks-barcelona-capital-mundial-de-la-arquitectura\/","og_site_name":"TBI, Tekno-Bau Ib\u00e9rica","article_modified_time":"2026-09-01T14:43:58+00:00","og_image":[{"width":735,"height":510,"url":"https:\/\/tb-i.eu\/wp-content\/uploads\/2020\/03\/logo-TBI-1.jpg","type":"image\/jpeg"}],"twitter_card":"summary_large_image","twitter_misc":{"Est. reading time":"1 minute"},"schema":{"@context":"https:\/\/schema.org","@graph":[{"@type":"WebPage","@id":"https:\/\/tb-i.eu\/en\/noticia\/b2b-talks-barcelona-capital-mundial-de-la-arquitectura\/","url":"https:\/\/tb-i.eu\/en\/noticia\/b2b-talks-barcelona-capital-mundial-de-la-arquitectura\/","name":"B2B Talks. Barcelona, Capital Mundial de la Arquitectura | TBI, Tekno-Bau Ib\u00e9rica","isPartOf":{"@id":"https:\/\/tb-i.eu\/en\/#website"},"datePublished":"2026-09-01T14:25:29+00:00","dateModified":"2026-09-01T14:43:58+00:00","description":"How is Barcelona addressing new challenges from architecture and urban planning? The B2B Talks in Barcelona, organized by the European Chambers of Commerce in Barcelona together with the Barcelona City Council, tried to answer this question. Sofia Alexanderson from TBI Architecture & Engineering was one of the invited speakers. Barcelona is currently experiencing a period of major urban transformation that open new opportunities for the city, which has been chosen by UNESCO-UIA as World Capital of Architecture in 2026. After Elena Amat Serrano, Manager of Metropolitan Coordination and urban Transformations of the Barcelona City Council, had explained the various current urban transformation projects in the outskirts of Barcelona, different invited architects explained their perspectives and vision of the city's urban future, based on their current projects. Thank you very much to the C\u00e1mara de Comercio Hispano-Sueca and the C\u00e1mara de Comercio Alemana para Espa\u00f1a (AHK Spanien) for the invitation. Further information can be found here: https:\/\/camaraseuropeas.es\/b2b-talks-barcelona-junio-2026\/","breadcrumb":{"@id":"https:\/\/tb-i.eu\/en\/noticia\/b2b-talks-barcelona-capital-mundial-de-la-arquitectura\/#breadcrumb"},"inLanguage":"en-US","potentialAction":[{"@type":"ReadAction","target":["https:\/\/tb-i.eu\/en\/noticia\/b2b-talks-barcelona-capital-mundial-de-la-arquitectura\/"]}]},{"@type":"BreadcrumbList","@id":"https:\/\/tb-i.eu\/en\/noticia\/b2b-talks-barcelona-capital-mundial-de-la-arquitectura\/#breadcrumb","itemListElement":[{"@type":"ListItem","position":1,"name":"Portada","item":"https:\/\/tb-i.eu\/en\/"},{"@type":"ListItem","position":2,"name":"B2B Talks. Barcelona, Capital Mundial de la Arquitectura"}]},{"@type":"WebSite","@id":"https:\/\/tb-i.eu\/en\/#website","url":"https:\/\/tb-i.eu\/en\/","name":"TBI","description":"Despacho alem\u00e1n de arquitectura, ingenier\u00eda e interiorismo en Barcelona","publisher":{"@id":"https:\/\/tb-i.eu\/en\/#organization"},"alternateName":"TBI Tekno-Bau Iberica","potentialAction":[{"@type":"SearchAction","target":{"@type":"EntryPoint","urlTemplate":"https:\/\/tb-i.eu\/en\/?s={search_term_string}"},"query-input":{"@type":"PropertyValueSpecification","valueRequired":true,"valueName":"search_term_string"}}],"inLanguage":"en-US"},{"@type":"Organization","@id":"https:\/\/tb-i.eu\/en\/#organization","name":"TBI","alternateName":"TBI Tekno-Bau Iberica","url":"https:\/\/tb-i.eu\/en\/","logo":{"@type":"ImageObject","inLanguage":"en-US","@id":"https:\/\/tb-i.eu\/en\/#\/schema\/logo\/image\/","url":"https:\/\/tb-i.eu\/wp-content\/uploads\/2020\/03\/logo-TBI-1.jpg","contentUrl":"https:\/\/tb-i.eu\/wp-content\/uploads\/2020\/03\/logo-TBI-1.jpg","width":735,"height":510,"caption":"TBI"},"image":{"@id":"https:\/\/tb-i.eu\/en\/#\/schema\/logo\/image\/"},"sameAs":["https:\/\/www.linkedin.com\/company\/tbi-tekno-bau-iberica\/"]}]}},"_links":{"self":[{"href":"https:\/\/tb-i.eu\/en\/wp-json\/wp\/v2\/noticia\/14319","targetHints":{"allow":["GET"]}}],"collection":[{"href":"https:\/\/tb-i.eu\/en\/wp-json\/wp\/v2\/noticia"}],"about":[{"href":"https:\/\/tb-i.eu\/en\/wp-json\/wp\/v2\/types\/noticia"}],"wp:attachment":[{"href":"https:\/\/tb-i.eu\/en\/wp-json\/wp\/v2\/media?parent=14319"}],"wp:term":[{"taxonomy":"categoria_noticia","embeddable":true,"href":"https:\/\/tb-i.eu\/en\/wp-json\/wp\/v2\/categoria_noticia?post=14319"}],"curies":[{"name":"wp","href":"https:\/\/api.w.org\/{rel}","templated":true}]}}